{"id":535,"date":"2024-09-17T10:59:28","date_gmt":"2024-09-17T08:59:28","guid":{"rendered":"https:\/\/ikebana.brussels\/?p=535"},"modified":"2024-09-17T10:59:29","modified_gmt":"2024-09-17T08:59:29","slug":"la-beaute-de-lequinoxe-dautomne","status":"publish","type":"post","link":"https:\/\/ikebana.brussels\/ja\/2024\/09\/17\/la-beaute-de-lequinoxe-dautomne\/","title":{"rendered":"La Beaut\u00e9 de l&rsquo;\u00c9quinoxe d&rsquo;Automne"},"content":{"rendered":"\n[et_pb_section fb_built=\u00a0\u00bb1&Prime; _builder_version=\u00a0\u00bb4.26.1&Prime; _module_preset=\u00a0\u00bbdefault\u00a0\u00bb global_colors_info=\u00a0\u00bb{}\u00a0\u00bb][et_pb_row _builder_version=\u00a0\u00bb4.26.1&Prime; _module_preset=\u00a0\u00bbdefault\u00a0\u00bb global_colors_info=\u00a0\u00bb{}\u00a0\u00bb][et_pb_column type=\u00a0\u00bb4_4&Prime; _builder_version=\u00a0\u00bb4.26.1&Prime; _module_preset=\u00a0\u00bbdefault\u00a0\u00bb global_colors_info=\u00a0\u00bb{}\u00a0\u00bb][et_pb_text _builder_version=\u00a0\u00bb4.27.0&Prime; _module_preset=\u00a0\u00bbdefault\u00a0\u00bb text_font_size=\u00a0\u00bb20px\u00a0\u00bb text_font_size_tablet=\u00a0\u00bb20px\u00a0\u00bb text_font_size_phone=\u00a0\u00bb16px\u00a0\u00bb text_font_size_last_edited=\u00a0\u00bbon|phone\u00a0\u00bb global_colors_info=\u00a0\u00bb{}\u00a0\u00bb]<h1><strong>C\u00e9l\u00e9brer l&rsquo;\u00e9quinoxe d&rsquo;automne<br \/><\/strong><\/h1>\n<p>&nbsp;<\/p>\n<p>\u3053\u3093\u306b\u3061\u306f\u3002\u4eca\u65e5\u306f\u3001\u3082\u3046\u3059\u3050\u8a2a\u308c\u308b\u300c\u79cb\u5206\u300d\u306b\u3064\u3044\u3066\u3002<\/p>\n<p>\u79cb\u5206\u306f\u3001\u663c\u3068\u591c\u306e\u9577\u3055\u304c\u540c\u3058\u306b\u306a\u308b\u65e5\u3067\u3001\u6bce\u5e74\uff19\u6708\uff12\uff12\u65e5\u9803\u306b\u8a2a\u308c\u307e\u3059\u3002\u3053\u306e\u6642\u671f\u3001\u65e5\u672c\u3067\u306f\u30b3\u30b9\u30e2\u30b9\u304c\u54b2\u304d\u8a87\u308a\u3001\u305d\u306e\u53ef\u6190\u306a\u82b1\u306f\u79cb\u306e\u8a2a\u308c\u3092\u8c61\u5fb4\u3057\u307e\u3059\u3002<\/p>\n<p>&nbsp;<\/p>\n<p>L&rsquo;\u00e9quinoxe d&rsquo;automne est le jour o\u00f9 la dur\u00e9e du jour et de la nuit est \u00e9gale, et il se produit chaque ann\u00e9e aux alentours du 22 septembre. \u00c0 cette \u00e9poque de l&rsquo;ann\u00e9e, au Japon, les cosmos fleurissent en abondance, et leurs d\u00e9licates fleurs symbolisent l&rsquo;arriv\u00e9e de l&rsquo;automne.<\/p>\n<p>&nbsp;<\/p>[\/et_pb_text][et_pb_image src=\u00a0\u00bbhttps:\/\/ikebana.brussels\/wp-content\/uploads\/2024\/09\/9_23_blog-8.webp\u00a0\u00bb alt=\u00a0\u00bb9 23 Blog 8&Prime; title_text=\u00a0\u00bb9_23_blog-8&Prime; _builder_version=\u00a0\u00bb4.27.0&Prime; _module_preset=\u00a0\u00bbdefault\u00a0\u00bb global_colors_info=\u00a0\u00bb{}\u00a0\u00bb][\/et_pb_image][et_pb_text _builder_version=\u00a0\u00bb4.27.0&Prime; _module_preset=\u00a0\u00bbdefault\u00a0\u00bb text_font_size=\u00a0\u00bb20px\u00a0\u00bb text_font_size_tablet=\u00a0\u00bb20px\u00a0\u00bb text_font_size_phone=\u00a0\u00bb16px\u00a0\u00bb text_font_size_last_edited=\u00a0\u00bbon|phone\u00a0\u00bb global_colors_info=\u00a0\u00bb{}\u00a0\u00bb]<p>&nbsp;<\/p>\n<p>&nbsp;<\/p>\n<p>\u307e\u305f\u3053\u306e\u65e5\u306f\u3001\u65e5\u672c\u3067\u306f\u300c\u5f7c\u5cb8\u300d\u3068\u3057\u3066\u3001\u5148\u7956\u3092\u656c\u3046\u884c\u4e8b\u304c\u884c\u308f\u308c\u3001\u81ea\u7136\u3068\u306e\u8abf\u548c\u3092\u5927\u5207\u306b\u3059\u308b\u65e5\u3068\u3055\u308c\u3066\u3044\u307e\u3059\u3002<\/p>\n<p>&nbsp;<\/p>\n<p>Ce jour-l\u00e0, au Japon, est c\u00e9l\u00e9br\u00e9 sous le nom de \u00ab Higan \u00bb, une f\u00eate pour honorer les anc\u00eatres et pour souligner l&rsquo;importance de l&rsquo;harmonie avec la nature.<\/p>[\/et_pb_text][et_pb_image src=\u00a0\u00bbhttps:\/\/ikebana.brussels\/wp-content\/uploads\/2024\/09\/9_23_blog-9.webp\u00a0\u00bb alt=\u00a0\u00bb9 23 Blog 9&Prime; title_text=\u00a0\u00bb9_23_blog-9&Prime; _builder_version=\u00a0\u00bb4.27.0&Prime; _module_preset=\u00a0\u00bbdefault\u00a0\u00bb global_colors_info=\u00a0\u00bb{}\u00a0\u00bb][\/et_pb_image][et_pb_image src=\u00a0\u00bbhttps:\/\/ikebana.brussels\/wp-content\/uploads\/2024\/09\/9_23_blog-10.webp\u00a0\u00bb alt=\u00a0\u00bb9 23 Blog 10&Prime; title_text=\u00a0\u00bb9_23_blog-10&Prime; _builder_version=\u00a0\u00bb4.27.0&Prime; _module_preset=\u00a0\u00bbdefault\u00a0\u00bb global_colors_info=\u00a0\u00bb{}\u00a0\u00bb][\/et_pb_image][et_pb_text _builder_version=\u00a0\u00bb4.27.0&Prime; _module_preset=\u00a0\u00bbdefault\u00a0\u00bb text_font_size=\u00a0\u00bb20px\u00a0\u00bb text_font_size_tablet=\u00a0\u00bb20px\u00a0\u00bb text_font_size_phone=\u00a0\u00bb16px\u00a0\u00bb text_font_size_last_edited=\u00a0\u00bbon|phone\u00a0\u00bb global_colors_info=\u00a0\u00bb{}\u00a0\u00bb]<p>\u3053\u306e\u5f7c\u5cb8\u82b1\uff08\u30d2\u30ac\u30f3\u30d0\u30ca\uff09\u306f\u3001\u79cb\u306e\u8a2a\u308c\u3092\u544a\u3052\u308b\u7f8e\u3057\u3044\u82b1\u3067\u3001\u6bd2\u304c\u3042\u308a\u3001\u6614\u304b\u3089\u7530\u7551\u3084\u5893\u5730\u306e\u5468\u308a\u306b\u690d\u3048\u3089\u308c\u3066\u304d\u307e\u3057\u305f\u3002\u4ecf\u6559\u3068\u6df1\u3044\u95a2\u308f\u308a\u304c\u3042\u308a\u3001\u300c\u5225\u308c\u300d\u3084\u300c\u518d\u4f1a\u300d\u3092\u8c61\u5fb4\u3059\u308b\u82b1\u3068\u3055\u308c\u3066\u3044\u307e\u3059\u3002<\/p>\n<p>L&rsquo;\u00e9quinoxe d&rsquo;automne marque \u00e9galement l&rsquo;apparition du lys araign\u00e9e rouge (Higanbana), une fleur qui annonce l&rsquo;arriv\u00e9e de l&rsquo;automne. Bien que cette fleur soit magnifique, elle est toxique et a \u00e9t\u00e9 traditionnellement plant\u00e9e autour des champs et des cimeti\u00e8res. \u00c9troitement li\u00e9e au bouddhisme, elle symbolise \u00e0 la fois la s\u00e9paration et les retrouvailles.<\/p>[\/et_pb_text][et_pb_image src=\u00a0\u00bbhttps:\/\/ikebana.brussels\/wp-content\/uploads\/2024\/09\/9_23_blog-11.webp\u00a0\u00bb alt=\u00a0\u00bb9 23 Blog 11&Prime; title_text=\u00a0\u00bb9_23_blog-11&Prime; _builder_version=\u00a0\u00bb4.27.0&Prime; _module_preset=\u00a0\u00bbdefault\u00a0\u00bb global_colors_info=\u00a0\u00bb{}\u00a0\u00bb][\/et_pb_image][et_pb_text _builder_version=\u00a0\u00bb4.27.0&Prime; _module_preset=\u00a0\u00bbdefault\u00a0\u00bb text_font_size=\u00a0\u00bb20px\u00a0\u00bb text_font_size_tablet=\u00a0\u00bb20px\u00a0\u00bb text_font_size_phone=\u00a0\u00bb16px\u00a0\u00bb text_font_size_last_edited=\u00a0\u00bbon|phone\u00a0\u00bb global_colors_info=\u00a0\u00bb{}\u00a0\u00bb]<p>&nbsp;<\/p>\n<p>\u30e8\u30fc\u30ed\u30c3\u30d1\u3067\u3082\u3001\u79cb\u5206\u306f\u79cb\u306e\u5230\u6765\u3092\u611f\u3058\u308b\u5927\u5207\u306a\u6642\u671f\u3067\u3059\u306d\u3002<\/p>\n<p>&nbsp;<\/p>\n<p>\u3053\u3053\u30d9\u30eb\u30ae\u30fc\u3067\u306f\u3001\u79cb\u306b\u306a\u308b\u3068\u30c0\u30ea\u30a2\u304c\u7f8e\u3057\u304f\u54b2\u304d\u8a87\u308a\u307e\u3059\u3002\u30c0\u30ea\u30a2\u306f\u3001\u305d\u306e\u8c4a\u304b\u306a\u8272\u5f69\u3068\u5b58\u5728\u611f\u3067\u3001\u79cb\u306e\u5ead\u3084\u751f\u3051\u82b1\u3092\u83ef\u3084\u304b\u306b\u5f69\u308a\u307e\u3059\u3002<\/p>\n<p>En Europe aussi, l&rsquo;\u00e9quinoxe d&rsquo;automne est un moment important pour ressentir l&rsquo;arriv\u00e9e de l&rsquo;automne.<\/p>\n<p>&nbsp;<\/p>\n<p>Ici en Belgique, les dahlias fleurissent magnifiquement \u00e0 l&rsquo;automne. Avec leurs couleurs riches et leur pr\u00e9sence imposante, les dahlias apportent une touche \u00e9clatante aux jardins d&rsquo;automne et aux arrangements floraux.<\/p>\n<p>&nbsp;<\/p>[\/et_pb_text][et_pb_image src=\u00a0\u00bbhttps:\/\/ikebana.brussels\/wp-content\/uploads\/2024\/08\/9_23_blog-1.webp\u00a0\u00bb alt=\u00a0\u00bb9 23 Blog 1&Prime; title_text=\u00a0\u00bb9_23_blog-1&Prime; _builder_version=\u00a0\u00bb4.27.0&Prime; _module_preset=\u00a0\u00bbdefault\u00a0\u00bb custom_margin=\u00a0\u00bb||16px|||\u00a0\u00bb global_colors_info=\u00a0\u00bb{}\u00a0\u00bb][\/et_pb_image][et_pb_image src=\u00a0\u00bbhttps:\/\/ikebana.brussels\/wp-content\/uploads\/2024\/08\/9_23_blog-2.webp\u00a0\u00bb alt=\u00a0\u00bb9 23 Blog 2&Prime; title_text=\u00a0\u00bb9_23_blog-2&Prime; _builder_version=\u00a0\u00bb4.27.0&Prime; _module_preset=\u00a0\u00bbdefault\u00a0\u00bb custom_margin=\u00a0\u00bb36px||85px|||\u00a0\u00bb custom_padding=\u00a0\u00bb0px|||||\u00a0\u00bb global_colors_info=\u00a0\u00bb{}\u00a0\u00bb][\/et_pb_image][et_pb_image src=\u00a0\u00bbhttps:\/\/ikebana.brussels\/wp-content\/uploads\/2024\/08\/9_23_blog-7.webp\u00a0\u00bb alt=\u00a0\u00bb9 23 Blog 7&Prime; title_text=\u00a0\u00bb9_23_blog-7&Prime; _builder_version=\u00a0\u00bb4.27.0&Prime; _module_preset=\u00a0\u00bbdefault\u00a0\u00bb global_colors_info=\u00a0\u00bb{}\u00a0\u00bb][\/et_pb_image][et_pb_text _builder_version=\u00a0\u00bb4.27.0&Prime; _module_preset=\u00a0\u00bbdefault\u00a0\u00bb text_font_size=\u00a0\u00bb20px\u00a0\u00bb hover_enabled=\u00a0\u00bb0&Prime; text_font_size_tablet=\u00a0\u00bb20px\u00a0\u00bb text_font_size_phone=\u00a0\u00bb16px\u00a0\u00bb text_font_size_last_edited=\u00a0\u00bbon|phone\u00a0\u00bb global_colors_info=\u00a0\u00bb{}\u00a0\u00bb sticky_enabled=\u00a0\u00bb0&Prime;]<p>\u4eca\u56de\u306f\u79cb\u5206\u306b\u3064\u3044\u3066\u3054\u7d39\u4ecb\u3044\u305f\u3057\u307e\u3057\u305f\u3002<\/p>\n<p>\u6b21\u56de\u306f\u3001\u79cb\u306e\u82b1\u3092\u30c6\u30fc\u30de\u306b\u3057\u305f\u72ec\u81ea\u306e\u8868\u73fe\u65b9\u6cd5\u3092\u3054\u7d39\u4ecb\u3044\u305f\u3057\u307e\u3059\u3002\u7f8e\u3057\u3044\u79cb\u306e\u5f69\u308a\u3092\u304a\u697d\u3057\u307f\u306b\uff01<\/p>\n<p>&nbsp;<\/p>\n<p>Une prochaine fois, nous vous pr\u00e9senterons des m\u00e9thodes d&rsquo;expression uniques sur le th\u00e8me des fleurs d&rsquo;automne. \u00c0 bient\u00f4t!<\/p>\n<p>&nbsp;<\/p>[\/et_pb_text][\/et_pb_column][\/et_pb_row][\/et_pb_section]\n","protected":false},"excerpt":{"rendered":"<p>C\u00e9l\u00e9brer l&rsquo;\u00e9quinoxe d&rsquo;automne &nbsp; \u3053\u3093\u306b\u3061\u306f\u3002\u4eca\u65e5\u306f\u3001\u3082\u3046\u3059\u3050\u8a2a\u308c\u308b\u300c\u79cb\u5206\u300d\u306b\u3064\u3044\u3066\u3002 \u79cb\u5206\u306f\u3001\u663c\u3068\u591c\u306e\u9577\u3055\u304c\u540c\u3058\u306b\u306a\u308b\u65e5\u3067\u3001\u6bce\u5e74\uff19\u6708\uff12\uff12\u65e5\u9803\u306b\u8a2a\u308c\u307e\u3059\u3002\u3053\u306e\u6642\u671f\u3001\u65e5\u672c\u3067\u306f\u30b3\u30b9\u30e2\u30b9\u304c\u54b2\u304d\u8a87\u308a\u3001\u305d\u306e\u53ef\u6190\u306a\u82b1\u306f\u79cb\u306e\u8a2a\u308c\u3092\u8c61\u5fb4\u3057\u307e\u3059\u3002 &nbsp; L&rsquo;\u00e9quinoxe d&rsquo;automne est le jour o\u00f9 la dur\u00e9e du jour et de la nuit est \u00e9gale, et il se produit chaque ann\u00e9e aux alentours du 22 septembre. \u00c0 cette \u00e9poque de l&rsquo;ann\u00e9e, au Japon, les cosmos fleurissent en abondance, et leurs d\u00e9licates fleurs symbolisent l&rsquo;arriv\u00e9e de l&rsquo;automne. &nbsp;&nbsp; [&hellip;]<\/p>\n","protected":false},"author":8,"featured_media":542,"comment_status":"closed","ping_status":"open","sticky":false,"template":"","format":"standard","meta":{"_et_pb_use_builder":"on","_et_pb_old_content":"","_et_gb_content_width":"1080","slim_seo":{"title":"L'automne vu \u00e0 travers les cosmos japonais et les dahlias belges","description":"C\u00e9l\u00e9brer l'\u00e9quinoxe d'automne &nbsp; \u3053\u3093\u306b\u3061\u306f\u3002\u4eca\u65e5\u306f\u3001\u3082\u3046\u3059\u3050\u8a2a\u308c\u308b\u300c\u79cb\u5206\u300d\u306b\u3064\u3044\u3066\u3002 \u79cb\u5206\u306f\u3001\u663c\u3068\u591c\u306e\u9577\u3055\u304c\u540c\u3058\u306b\u306a\u308b\u65e5\u3067\u3001\u6bce\u5e74\uff19\u6708\uff12\uff12\u65e5\u9803\u306b\u8a2a\u308c\u307e\u3059\u3002\u3053\u306e\u6642\u671f\u3001\u65e5\u672c\u3067\u306f\u30b3\u30b9\u30e2\u30b9\u304c\u54b2\u304d\u8a87\u308a\u3001\u305d\u306e\u53ef\u6190\u306a\u82b1\u306f\u79cb\u306e\u8a2a\u308c\u3092\u8c61\u5fb4\u3057\u307e\u3059\u3002 &nbsp; L'\u00e9quinoxe d'autom"},"footnotes":""},"categories":[1],"tags":[],"class_list":["post-535","post","type-post","status-publish","format-standard","has-post-thumbnail","hentry","category-blog"],"_links":{"self":[{"href":"https:\/\/ikebana.brussels\/ja\/wp-json\/wp\/v2\/posts\/535","targetHints":{"allow":["GET"]}}],"collection":[{"href":"https:\/\/ikebana.brussels\/ja\/wp-json\/wp\/v2\/posts"}],"about":[{"href":"https:\/\/ikebana.brussels\/ja\/wp-json\/wp\/v2\/types\/post"}],"author":[{"embeddable":true,"href":"https:\/\/ikebana.brussels\/ja\/wp-json\/wp\/v2\/users\/8"}],"replies":[{"embeddable":true,"href":"https:\/\/ikebana.brussels\/ja\/wp-json\/wp\/v2\/comments?post=535"}],"version-history":[{"count":19,"href":"https:\/\/ikebana.brussels\/ja\/wp-json\/wp\/v2\/posts\/535\/revisions"}],"predecessor-version":[{"id":882,"href":"https:\/\/ikebana.brussels\/ja\/wp-json\/wp\/v2\/posts\/535\/revisions\/882"}],"wp:featuredmedia":[{"embeddable":true,"href":"https:\/\/ikebana.brussels\/ja\/wp-json\/wp\/v2\/media\/542"}],"wp:attachment":[{"href":"https:\/\/ikebana.brussels\/ja\/wp-json\/wp\/v2\/media?parent=535"}],"wp:term":[{"taxonomy":"category","embeddable":true,"href":"https:\/\/ikebana.brussels\/ja\/wp-json\/wp\/v2\/categories?post=535"},{"taxonomy":"post_tag","embeddable":true,"href":"https:\/\/ikebana.brussels\/ja\/wp-json\/wp\/v2\/tags?post=535"}],"curies":[{"name":"wp","href":"https:\/\/api.w.org\/{rel}","templated":true}]}}