{"id":681,"date":"2024-08-31T11:33:43","date_gmt":"2024-08-31T09:33:43","guid":{"rendered":"https:\/\/ikebana.brussels\/?p=681"},"modified":"2024-09-15T10:48:53","modified_gmt":"2024-09-15T08:48:53","slug":"ikebana-school-brussels-blog","status":"publish","type":"post","link":"https:\/\/ikebana.brussels\/ja\/2024\/08\/31\/ikebana-school-brussels-blog\/","title":{"rendered":"Ikebana School Brussels Blog"},"content":{"rendered":"\n[et_pb_section fb_built=\u00a0\u00bb1&Prime; _builder_version=\u00a0\u00bb4.26.1&Prime; _module_preset=\u00a0\u00bbdefault\u00a0\u00bb global_colors_info=\u00a0\u00bb{}\u00a0\u00bb custom_padding=\u00a0\u00bb||139px|||\u00a0\u00bb][et_pb_row _builder_version=\u00a0\u00bb4.26.1&Prime; _module_preset=\u00a0\u00bbdefault\u00a0\u00bb global_colors_info=\u00a0\u00bb{}\u00a0\u00bb][et_pb_column type=\u00a0\u00bb4_4&Prime; _builder_version=\u00a0\u00bb4.26.1&Prime; _module_preset=\u00a0\u00bbdefault\u00a0\u00bb global_colors_info=\u00a0\u00bb{}\u00a0\u00bb][et_pb_text _builder_version=\u00a0\u00bb4.27.0&Prime; _module_preset=\u00a0\u00bbdefault\u00a0\u00bb text_font_size=\u00a0\u00bb20px\u00a0\u00bb width=\u00a0\u00bb100%\u00a0\u00bb custom_margin=\u00a0\u00bb|-12px||||\u00a0\u00bb custom_padding=\u00a0\u00bb|||0px||\u00a0\u00bb text_font_size_tablet=\u00a0\u00bb20px\u00a0\u00bb text_font_size_phone=\u00a0\u00bb16px\u00a0\u00bb text_font_size_last_edited=\u00a0\u00bbon|phone\u00a0\u00bb global_colors_info=\u00a0\u00bb{}\u00a0\u00bb]<h1><strong>\u00ab\u00a0Fleurs et Traditions: L&rsquo;art de l&rsquo;Ikebana au Quotidien\u00a0\u00bb<\/strong><\/h1>\n<h2><strong>\u300c\u82b1\u3068\u4f1d\u7d71\uff1a\u65e5\u5e38\u306b\u606f\u3065\u304f\u3044\u3051\u3070\u306a\u306e\u6280\u300d<\/strong><\/h2>\n<p>&nbsp;<\/p>\n<p>Bonjour,<\/p>\n<p>J\u2019ai le plaisir de vous annoncer le lancement de mon blog.<\/p>\n<p>Dans ce blog, je d\u00e9voilerai les techniques et les charmes cach\u00e9s de l&rsquo;ikebana, tout en vous faisant d\u00e9couvrir les traditions japonaises. Je partagerai des informations sur l&rsquo;ikebana que je ne peux pas toujours aborder lors de mes cours, telles que des techniques sp\u00e9cifiques, des connaissances sur les fleurs de saison, l&rsquo;utilisation des outils, les tailles recommand\u00e9es, et les meilleurs endroits pour acheter vos mat\u00e9riaux.<\/p>\n<p>En outre, je vous proposerai un aper\u00e7u des coulisses de mes le\u00e7ons et des traditions japonaises, des aspects que je n\u2019ai pas souvent l\u2019occasion de montrer.<\/p>\n<p>Je vous remercie par avance pour votre soutien et j\u2019ai h\u00e2te de vous retrouver sur le blog !<\/p>\n<p>&nbsp;<\/p>\n<p>\u306f\u3058\u3081\u307e\u3057\u3066\u3002<\/p>\n<p>\u3053\u306e\u305f\u3073\u3001\u30d6\u30ed\u30b0\u3092\u59cb\u3081\u308b\u3053\u3068\u306b\u306a\u308a\u307e\u3057\u305f\u3002<\/p>\n<p>\u3053\u306e\u30d6\u30ed\u30b0\u3067\u306f\u3001\u3044\u3051\u3070\u306a\u306e\u6280\u8853\u3068\u96a0\u308c\u305f\u9b45\u529b\u3001\u305d\u3057\u3066\u65e5\u672c\u306e\u4f1d\u7d71\u3092\u7d10\u89e3\u304d\u306a\u304c\u3089\u3001\u666e\u6bb5\u306e\u30ec\u30c3\u30b9\u30f3\u3067\u306f\u304a\u4f1d\u3048\u3057\u304d\u308c\u306a\u3044\u751f\u3051\u82b1\u306e\u6280\u8853\u3084\u5b63\u7bc0\u306e\u82b1\u306b\u95a2\u3059\u308b\u77e5\u8b58\u3001\u9053\u5177\u306e\u4f7f\u3044\u65b9\u3084\u304a\u3059\u3059\u3081\u306e\u30b5\u30a4\u30ba\u3001\u8cfc\u5165\u5834\u6240\u306a\u3069\u3001\u751f\u3051\u82b1\u306b\u307e\u3064\u308f\u308b\u60c5\u5831\u3092\u4e2d\u5fc3\u306b\u3054\u7d39\u4ecb\u3057\u3066\u3044\u304d\u307e\u3059\u3002<\/p>\n<p>\u307e\u305f\u3001\u65e5\u672c\u306e\u4f1d\u7d71\u884c\u4e8b\u3084\u30ec\u30c3\u30b9\u30f3\u306e\u88cf\u5074\u306e\u69d8\u5b50\u306a\u3069\u3001\u666e\u6bb5\u306f\u304a\u898b\u305b\u3067\u304d\u306a\u3044\u90e8\u5206\u3082\u5c11\u3057\u305a\u3064\u3054\u7d39\u4ecb\u3059\u308b\u4e88\u5b9a\u3067\u3059\u3002<\/p>\n<p>\u3069\u3046\u305e\u3088\u308d\u3057\u304f\u304a\u9858\u3044\u3044\u305f\u3057\u307e\u3059\u3002<\/p>\n<p>\u30d6\u30ed\u30b0\u3067\u304a\u4f1a\u3044\u3067\u304d\u308b\u306e\u3092\u697d\u3057\u307f\u306b\u3057\u3066\u3044\u307e\u3059\uff01<\/p>[\/et_pb_text][\/et_pb_column][\/et_pb_row][\/et_pb_section]\n","protected":false},"excerpt":{"rendered":"<p>\u00ab\u00a0Fleurs et Traditions: L&rsquo;art de l&rsquo;Ikebana au Quotidien\u00a0\u00bb \u300c\u82b1\u3068\u4f1d\u7d71\uff1a\u65e5\u5e38\u306b\u606f\u3065\u304f\u3044\u3051\u3070\u306a\u306e\u6280\u300d &nbsp; Bonjour, J\u2019ai le plaisir de vous annoncer le lancement de mon blog. Dans ce blog, je d\u00e9voilerai les techniques et les charmes cach\u00e9s de l&rsquo;ikebana, tout en vous faisant d\u00e9couvrir les traditions japonaises. Je partagerai des informations sur l&rsquo;ikebana que je ne peux pas toujours [&hellip;]<\/p>\n","protected":false},"author":8,"featured_media":836,"comment_status":"closed","ping_status":"open","sticky":false,"template":"","format":"standard","meta":{"_et_pb_use_builder":"on","_et_pb_old_content":"","_et_gb_content_width":"1080","slim_seo":{"title":"Ikebana School Brussels Blog","description":"\"Fleurs et Traditions: L'art de l'Ikebana au Quotidien\" \u300c\u82b1\u3068\u4f1d\u7d71\uff1a\u65e5\u5e38\u306b\u606f\u3065\u304f\u3044\u3051\u3070\u306a\u306e\u6280\u300d &nbsp; Bonjour, J\u2019ai le plaisir de vous annoncer le lancement de mon blog. Dans ce b"},"footnotes":""},"categories":[1],"tags":[],"class_list":["post-681","post","type-post","status-publish","format-standard","has-post-thumbnail","hentry","category-blog"],"_links":{"self":[{"href":"https:\/\/ikebana.brussels\/ja\/wp-json\/wp\/v2\/posts\/681","targetHints":{"allow":["GET"]}}],"collection":[{"href":"https:\/\/ikebana.brussels\/ja\/wp-json\/wp\/v2\/posts"}],"about":[{"href":"https:\/\/ikebana.brussels\/ja\/wp-json\/wp\/v2\/types\/post"}],"author":[{"embeddable":true,"href":"https:\/\/ikebana.brussels\/ja\/wp-json\/wp\/v2\/users\/8"}],"replies":[{"embeddable":true,"href":"https:\/\/ikebana.brussels\/ja\/wp-json\/wp\/v2\/comments?post=681"}],"version-history":[{"count":12,"href":"https:\/\/ikebana.brussels\/ja\/wp-json\/wp\/v2\/posts\/681\/revisions"}],"predecessor-version":[{"id":846,"href":"https:\/\/ikebana.brussels\/ja\/wp-json\/wp\/v2\/posts\/681\/revisions\/846"}],"wp:featuredmedia":[{"embeddable":true,"href":"https:\/\/ikebana.brussels\/ja\/wp-json\/wp\/v2\/media\/836"}],"wp:attachment":[{"href":"https:\/\/ikebana.brussels\/ja\/wp-json\/wp\/v2\/media?parent=681"}],"wp:term":[{"taxonomy":"category","embeddable":true,"href":"https:\/\/ikebana.brussels\/ja\/wp-json\/wp\/v2\/categories?post=681"},{"taxonomy":"post_tag","embeddable":true,"href":"https:\/\/ikebana.brussels\/ja\/wp-json\/wp\/v2\/tags?post=681"}],"curies":[{"name":"wp","href":"https:\/\/api.w.org\/{rel}","templated":true}]}}