{"id":719,"date":"2024-10-20T12:00:17","date_gmt":"2024-10-20T10:00:17","guid":{"rendered":"https:\/\/ikebana.brussels\/?p=719"},"modified":"2024-10-23T10:52:32","modified_gmt":"2024-10-23T08:52:32","slug":"la-fleur-emblematique-de-lautomne-japonais%e3%80%80","status":"publish","type":"post","link":"https:\/\/ikebana.brussels\/ja\/2024\/10\/20\/la-fleur-emblematique-de-lautomne-japonais%e3%80%80\/","title":{"rendered":"La fleur embl\u00e9matique de l&rsquo;automne japonais\u3000"},"content":{"rendered":"<p>[et_pb_section fb_built=\u00a0\u00bb1&Prime; _builder_version=\u00a0\u00bb4.26.1&Prime; _module_preset=\u00a0\u00bbdefault\u00a0\u00bb global_colors_info=\u00a0\u00bb{}\u00a0\u00bb][et_pb_row _builder_version=\u00a0\u00bb4.26.1&Prime; _module_preset=\u00a0\u00bbdefault\u00a0\u00bb custom_margin=\u00a0\u00bb-48px|auto||auto||\u00a0\u00bb custom_padding=\u00a0\u00bb||95px|||\u00a0\u00bb global_colors_info=\u00a0\u00bb{}\u00a0\u00bb][et_pb_column type=\u00a0\u00bb4_4&Prime; _builder_version=\u00a0\u00bb4.26.1&Prime; _module_preset=\u00a0\u00bbdefault\u00a0\u00bb global_colors_info=\u00a0\u00bb{}\u00a0\u00bb][et_pb_text _builder_version=\u00a0\u00bb4.27.0&Prime; _module_preset=\u00a0\u00bbdefault\u00a0\u00bb text_font_size=\u00a0\u00bb20px\u00a0\u00bb text_font_size_tablet=\u00a0\u00bb20px\u00a0\u00bb text_font_size_phone=\u00a0\u00bb16px\u00a0\u00bb text_font_size_last_edited=\u00a0\u00bbon|phone\u00a0\u00bb global_colors_info=\u00a0\u00bb{}\u00a0\u00bb]<\/p>\n<h1><strong>Le chrysanth\u00e8me\u3000\u83ca<\/strong><\/h1>\n<p><strong><\/strong><\/p>\n<p>Le chrysanth\u00e8me (kiku) est largement reconnu comme une fleur embl\u00e9matique de l&rsquo;automne au Japon. En septembre, lors du festival de Ch\u014dy\u014d, il est courant de c\u00e9l\u00e9brer la long\u00e9vit\u00e9 en appr\u00e9ciant les fleurs de chrysanth\u00e8me et en buvant du sak\u00e9 au chrysanth\u00e8me.<\/p>\n<p>&nbsp;<\/p>\n<p><strong>\u65e5\u672c\u306e\u79cb\u3092\u5f69\u308b\u8c61\u5fb4\u7684\u306a\u82b1<\/strong><\/p>\n<p>\u83ca\uff08\u30ad\u30af\uff09\u306f\u3001\u65e5\u672c\u306e\u79cb\u3092\u8c61\u5fb4\u3059\u308b\u82b1\u3068\u3057\u3066\u5e83\u304f\u89aa\u3057\u307e\u308c\u3066\u3044\u307e\u3059\u30029\u6708\u306e\u91cd\u967d\u306e\u7bc0\u53e5\u306b\u306f\u3001\u9577\u5bff\u3092\u9858\u3044\u306a\u304c\u3089\u83ca\u306e\u82b1\u3092\u611b\u3067\u305f\u308a\u3001\u83ca\u9152\u3092\u98f2\u3080\u98a8\u7fd2\u304c\u3042\u308a\u307e\u3059\u3002<\/p>\n<p>&nbsp;<\/p>\n<p>[\/et_pb_text][et_pb_image src=\u00a0\u00bbhttps:\/\/ikebana.brussels\/wp-content\/uploads\/2024\/10\/10_25_Le-chrysantheme-_blog-18.webp\u00a0\u00bb alt=\u00a0\u00bb10 25 Le Chrysanthe\u0300me Blog 18&Prime; title_text=\u00a0\u00bb10_25_Le chrysanthe\u0300me _blog-18&Prime; _builder_version=\u00a0\u00bb4.27.2&Prime; _module_preset=\u00a0\u00bbdefault\u00a0\u00bb global_colors_info=\u00a0\u00bb{}\u00a0\u00bb][\/et_pb_image][et_pb_text _builder_version=\u00a0\u00bb4.27.0&Prime; _module_preset=\u00a0\u00bbdefault\u00a0\u00bb text_font_size=\u00a0\u00bb20px\u00a0\u00bb text_font_size_tablet=\u00a0\u00bb20px\u00a0\u00bb text_font_size_phone=\u00a0\u00bb16px\u00a0\u00bb text_font_size_last_edited=\u00a0\u00bbon|phone\u00a0\u00bb global_colors_info=\u00a0\u00bb{}\u00a0\u00bb]<\/p>\n<p>&nbsp;<\/p>\n<p>La p\u00e9riode de floraison du chrysanth\u00e8me s&rsquo;\u00e9tend d&rsquo;octobre \u00e0 novembre, avec un pic de beaut\u00e9 en novembre.<\/p>\n<p>Pendant cette p\u00e9riode, des expositions de chrysanth\u00e8mes et des festivals d\u00e9di\u00e9s \u00e0 cette fleur sont organis\u00e9s \u00e0 travers le Japon, offrant aux visiteurs une v\u00e9ritable f\u00eate pour les yeux. Ces \u00e9v\u00e9nements ne se contentent pas d&#8217;embellir l&rsquo;automne, ils rappellent \u00e9galement l&rsquo;importance de la culture traditionnelle japonaise.<\/p>\n<p>&nbsp;<\/p>\n<p>\u83ca\u306e\u898b\u9803\u306f10\u6708\u304b\u308911\u6708\u3067\u3001\u7279\u306b11\u6708\u306b\u306f\u305d\u306e\u7f8e\u3057\u3055\u304c\u6700\u3082\u969b\u7acb\u3061\u307e\u3059\u3002<\/p>\n<p>\u3053\u306e\u6642\u671f\u306b\u306f\u3001\u65e5\u672c\u5404\u5730\u3067\u300c\u83ca\u82b1\u5c55\u300d\u3084\u300c\u83ca\u796d\u308a\u300d\u304c\u958b\u50ac\u3055\u308c\u3001\u591a\u304f\u306e\u4eba\u3005\u304c\u305d\u306e\u83ef\u3084\u304b\u3055\u3092\u697d\u3057\u307f\u307e\u3059\u3002\u3053\u308c\u3089\u306e\u30a4\u30d9\u30f3\u30c8\u306f\u3001\u79cb\u306e\u98a8\u7269\u8a69\u3068\u3057\u3066\u4eba\u3005\u306e\u76ee\u3092\u697d\u3057\u307e\u305b\u308b\u3060\u3051\u3067\u306a\u304f\u3001\u65e5\u672c\u306e\u4f1d\u7d71\u6587\u5316\u306e\u4e00\u7aef\u3092\u611f\u3058\u3055\u305b\u3066\u304f\u308c\u307e\u3059\u3002<\/p>\n<p>&nbsp;<\/p>\n<p>[\/et_pb_text][et_pb_image src=\u00a0\u00bbhttps:\/\/ikebana.brussels\/wp-content\/uploads\/2024\/10\/10_25_Le-chrysantheme-_blog-19.webp\u00a0\u00bb alt=\u00a0\u00bb10 25 Le Chrysanthe\u0300me Blog 19&Prime; title_text=\u00a0\u00bb10_25_Le chrysanthe\u0300me _blog-19&Prime; _builder_version=\u00a0\u00bb4.27.2&Prime; _module_preset=\u00a0\u00bbdefault\u00a0\u00bb global_colors_info=\u00a0\u00bb{}\u00a0\u00bb][\/et_pb_image][et_pb_image src=\u00a0\u00bbhttps:\/\/ikebana.brussels\/wp-content\/uploads\/2024\/10\/10_25_Le-chrysantheme-_blog-20.webp\u00a0\u00bb alt=\u00a0\u00bb10 25 Le Chrysanthe\u0300me Blog 20&Prime; title_text=\u00a0\u00bb10_25_Le chrysanthe\u0300me _blog-20&Prime; _builder_version=\u00a0\u00bb4.27.2&Prime; _module_preset=\u00a0\u00bbdefault\u00a0\u00bb global_colors_info=\u00a0\u00bb{}\u00a0\u00bb][\/et_pb_image][et_pb_text _builder_version=\u00a0\u00bb4.27.2&Prime; _module_preset=\u00a0\u00bbdefault\u00a0\u00bb text_font_size=\u00a0\u00bb20px\u00a0\u00bb custom_padding=\u00a0\u00bb44px|||||\u00a0\u00bb text_font_size_tablet=\u00a0\u00bb20px\u00a0\u00bb text_font_size_phone=\u00a0\u00bb16px\u00a0\u00bb text_font_size_last_edited=\u00a0\u00bbon|phone\u00a0\u00bb global_colors_info=\u00a0\u00bb{}\u00a0\u00bb]<\/p>\n<p>En outre, le chrysanth\u00e8me est l&rsquo;une des fleurs nationales du Japon et figure m\u00eame sur l&#8217;embl\u00e8me de la famille imp\u00e9riale, ce qui t\u00e9moigne de son importance historique. \u00c0 cette p\u00e9riode de l&rsquo;ann\u00e9e, de nombreuses c\u00e9l\u00e9brations marquant les r\u00e9coltes ont lieu \u00e0 travers le pays, et alors que les \u00e9rables et d&rsquo;autres fleurs d&rsquo;automne se parent de leurs plus belles couleurs, les chrysanth\u00e8mes ajoutent une touche suppl\u00e9mentaire \u00e0 la beaut\u00e9 de l&rsquo;automne japonais.<\/p>\n<p>\u307e\u305f\u3001\u83ca\u306f\u65e5\u672c\u306e\u56fd\u82b1\u306e\u4e00\u3064\u3067\u3042\u308a\u3001\u5929\u7687\u5bb6\u306e\u7d0b\u7ae0\u306b\u3082\u7528\u3044\u3089\u308c\u308b\u307b\u3069\u3001\u6b74\u53f2\u7684\u306b\u3082\u91cd\u8981\u306a\u82b1\u3067\u3059\u3002\u3053\u306e\u6642\u671f\u3001\u65e5\u672c\u5168\u56fd\u3067\u53ce\u7a6b\u3092\u795d\u3046\u884c\u4e8b\u304c\u884c\u308f\u308c\u308b\u3053\u3068\u304c\u591a\u304f\u3001\u7d05\u8449\u3084\u79cb\u306e\u82b1\u3005\u304c\u7f8e\u3057\u304f\u8272\u3065\u304f\u4e2d\u3067\u3001\u83ca\u306e\u82b1\u3082\u307e\u305f\u79cb\u306e\u6df1\u307e\u308a\u3092\u611f\u3058\u3055\u305b\u307e\u3059\u3002<\/p>\n<p>[\/et_pb_text][et_pb_image src=\u00a0\u00bbhttps:\/\/ikebana.brussels\/wp-content\/uploads\/2024\/08\/10_25_Le-chrysantheme-_blog-4.webp\u00a0\u00bb alt=\u00a0\u00bb10 25 Le Chrysanthe\u0300me Blog 4&Prime; title_text=\u00a0\u00bb10_25_Le chrysanthe\u0300me _blog-4&Prime; _builder_version=\u00a0\u00bb4.27.0&Prime; _module_preset=\u00a0\u00bbdefault\u00a0\u00bb custom_margin=\u00a0\u00bb||107px|||\u00a0\u00bb global_colors_info=\u00a0\u00bb{}\u00a0\u00bb][\/et_pb_image][et_pb_text _builder_version=\u00a0\u00bb4.27.2&Prime; _module_preset=\u00a0\u00bbdefault\u00a0\u00bb text_font_size=\u00a0\u00bb20px\u00a0\u00bb text_font_size_tablet=\u00a0\u00bb20px\u00a0\u00bb text_font_size_phone=\u00a0\u00bb16px\u00a0\u00bb text_font_size_last_edited=\u00a0\u00bbon|phone\u00a0\u00bb global_colors_info=\u00a0\u00bb{}\u00a0\u00bb]<\/p>\n<p>Lors de l&rsquo;utilisation des chrysanth\u00e8mes dans l&rsquo;ikebana, il est important de commencer par enlever soigneusement les jeunes feuilles pour d\u00e9gager la tige.<\/p>\n<p>Lors de la coupe des tiges, vous pouvez utiliser des ciseaux, mais en les cassant \u00e0 la main, les fibres se rel\u00e2chent, ce qui permet une meilleure absorption de l&rsquo;eau. Vous pouvez \u00e9galement l\u00e9g\u00e8rement marteler la tige avec un petit marteau pour faciliter l&rsquo;absorption.<\/p>\n<p>Si les feuilles commencent \u00e0 perdre de leur vigueur, il est parfois possible de les revitaliser en aspergeant de l&rsquo;eau directement sur leur revers. M\u00eame les feuilles tr\u00e8s froiss\u00e9es peuvent \u00eatre rafra\u00eechies en pulv\u00e9risant de l&rsquo;eau sur leur dos, ce qui leur permettra de durer plus longtemps. N&rsquo;h\u00e9sitez pas \u00e0 essayer cette m\u00e9thode.<\/p>\n<p>\u3044\u3051\u3070\u306a\u3067\u83ca\u3092\u4f7f\u7528\u3059\u308b\u969b\u306b\u306f\u3001\u307e\u305a\u82bd\u8449\u3092\u4e01\u5be7\u306b\u53d6\u308a\u9664\u304d\u3001\u830e\u3092\u3059\u3063\u304d\u308a\u3055\u305b\u308b\u3053\u3068\u304c\u30dd\u30a4\u30f3\u30c8\u3067\u3059\u3002<\/p>\n<p>\u6c34\u5207\u308a\u306e\u969b\u306b\u306f\u30cf\u30b5\u30df\u3092\u4f7f\u3063\u3066\u3082\u826f\u3044\u3067\u3059\u304c\u3001\u624b\u3067\u830e\u3092\u6298\u308b\u3068\u7e4a\u7dad\u304c\u307b\u3050\u308c\u3001\u6c34\u304c\u4e0a\u304c\u308a\u3084\u3059\u304f\u306a\u308a\u307e\u3059\u3002\u307e\u305f\u3001\u830e\u3092\u30c8\u30f3\u30ab\u30c1\u306a\u3069\u3067\u8efd\u304f\u53e9\u304f\u65b9\u6cd5\u3082\u52b9\u679c\u7684\u3067\u3059\u3002<\/p>\n<p>\u3055\u3089\u306b\u3001\u8449\u304c\u5143\u6c17\u3092\u5931\u3063\u305f\u5834\u5408\u306f\u3001\u8449\u306e\u88cf\u306b\u76f4\u63a5\u6c34\u3092\u304b\u3051\u308b\u3068\u56de\u5fa9\u3059\u308b\u3053\u3068\u304c\u3042\u308a\u307e\u3059\u3002\u30af\u30b7\u30e3\u30af\u30b7\u30e3\u306b\u306a\u3063\u305f\u8449\u3067\u3082\u3001\u9727\u5439\u304d\u3092\u4f7f\u3063\u3066\u8449\u306e\u88cf\u304b\u3089\u6c34\u3092\u4e0e\u3048\u308b\u3053\u3068\u3067\u9577\u6301\u3061\u3055\u305b\u308b\u3053\u3068\u304c\u3067\u304d\u308b\u306e\u3067\u3001\u305c\u3072\u304a\u8a66\u3057\u304f\u3060\u3055\u3044\u3002<\/p>\n<p>&nbsp;<\/p>\n<p>[\/et_pb_text][et_pb_image src=\u00a0\u00bbhttps:\/\/ikebana.brussels\/wp-content\/uploads\/2024\/08\/10_25_Le-chrysantheme-_blog-5.webp\u00a0\u00bb alt=\u00a0\u00bb10 25 Le Chrysanthe\u0300me Blog 5&Prime; title_text=\u00a0\u00bb10_25_Le chrysanthe\u0300me _blog-5&Prime; _builder_version=\u00a0\u00bb4.27.0&Prime; _module_preset=\u00a0\u00bbdefault\u00a0\u00bb custom_margin=\u00a0\u00bb||42px|||\u00a0\u00bb global_colors_info=\u00a0\u00bb{}\u00a0\u00bb][\/et_pb_image][et_pb_text _builder_version=\u00a0\u00bb4.27.2&Prime; _module_preset=\u00a0\u00bbdefault\u00a0\u00bb text_font_size=\u00a0\u00bb20px\u00a0\u00bb hover_enabled=\u00a0\u00bb0&Prime; text_font_size_tablet=\u00a0\u00bb20px\u00a0\u00bb text_font_size_phone=\u00a0\u00bb16px\u00a0\u00bb text_font_size_last_edited=\u00a0\u00bbon|phone\u00a0\u00bb global_colors_info=\u00a0\u00bb{}\u00a0\u00bb sticky_enabled=\u00a0\u00bb0&Prime;]<\/p>\n<p>Nous vous fournissons des conseils plus d\u00e9taill\u00e9s sur l\u2019entretien des chrysanth\u00e8mes, ainsi que des \u0153uvres d\u2019ikebana avec des chrysanth\u00e8mes et d\u2019autres astuces, dans nos articles r\u00e9serv\u00e9s aux membres.<\/p>\n<p>\u83ca\u306e\u624b\u5165\u308c\u306b\u95a2\u3059\u308b\u3088\u308a\u8a73\u3057\u3044\u30a2\u30c9\u30d0\u30a4\u30b9\u3084\u3001\u83ca\u3092\u4f7f\u3063\u305f\u3044\u3051\u3070\u306a\u4f5c\u54c1\u3001\u305d\u306e\u4ed6\u306e\u30d2\u30f3\u30c8\u306f\u3001\u30e1\u30f3\u30d0\u30fc\u5c02\u7528\u30d6\u30ed\u30b0\u3067\u5199\u771f\u3068\u3068\u3082\u306b\u8a73\u3057\u304f\u3054\u7d39\u4ecb\u3057\u3066\u3044\u307e\u3059\u3002\u305c\u3072\u3054\u89a7\u304f\u3060\u3055\u3044\u3002<\/p>\n<p>[\/et_pb_text][\/et_pb_column][\/et_pb_row][\/et_pb_section]<\/p>\n","protected":false},"excerpt":{"rendered":"<p>Le chrysanth\u00e8me\u3000\u83ca Le chrysanth\u00e8me (kiku) est largement reconnu comme une fleur embl\u00e9matique de l&rsquo;automne au Japon. En septembre, lors du festival de Ch\u014dy\u014d, il est courant de c\u00e9l\u00e9brer la long\u00e9vit\u00e9 en appr\u00e9ciant les fleurs de chrysanth\u00e8me et en buvant du sak\u00e9 au chrysanth\u00e8me. &nbsp; \u65e5\u672c\u306e\u79cb\u3092\u5f69\u308b\u8c61\u5fb4\u7684\u306a\u82b1 \u83ca\uff08\u30ad\u30af\uff09\u306f\u3001\u65e5\u672c\u306e\u79cb\u3092\u8c61\u5fb4\u3059\u308b\u82b1\u3068\u3057\u3066\u5e83\u304f\u89aa\u3057\u307e\u308c\u3066\u3044\u307e\u3059\u30029\u6708\u306e\u91cd\u967d\u306e\u7bc0\u53e5\u306b\u306f\u3001\u9577\u5bff\u3092\u9858\u3044\u306a\u304c\u3089\u83ca\u306e\u82b1\u3092\u611b\u3067\u305f\u308a\u3001\u83ca\u9152\u3092\u98f2\u3080\u98a8\u7fd2\u304c\u3042\u308a\u307e\u3059\u3002 &nbsp;&nbsp; La p\u00e9riode de floraison du chrysanth\u00e8me s&rsquo;\u00e9tend d&rsquo;octobre [&hellip;]<\/p>\n","protected":false},"author":8,"featured_media":899,"comment_status":"closed","ping_status":"closed","sticky":false,"template":"","format":"standard","meta":{"_et_pb_use_builder":"on","_et_pb_old_content":"","_et_gb_content_width":"1080","slim_seo":{"title":"Le chrysanth\u00e8me\u3000","description":"Le chrysanth\u00e8me\u3000\u83ca Le chrysanth\u00e8me (kiku) est largement reconnu comme une fleur embl\u00e9matique de l'automne au Japon. En septembre, lors du festival de Ch\u014dy\u014d, il e"},"footnotes":""},"categories":[1],"tags":[],"class_list":["post-719","post","type-post","status-publish","format-standard","has-post-thumbnail","hentry","category-blog"],"_links":{"self":[{"href":"https:\/\/ikebana.brussels\/ja\/wp-json\/wp\/v2\/posts\/719","targetHints":{"allow":["GET"]}}],"collection":[{"href":"https:\/\/ikebana.brussels\/ja\/wp-json\/wp\/v2\/posts"}],"about":[{"href":"https:\/\/ikebana.brussels\/ja\/wp-json\/wp\/v2\/types\/post"}],"author":[{"embeddable":true,"href":"https:\/\/ikebana.brussels\/ja\/wp-json\/wp\/v2\/users\/8"}],"replies":[{"embeddable":true,"href":"https:\/\/ikebana.brussels\/ja\/wp-json\/wp\/v2\/comments?post=719"}],"version-history":[{"count":25,"href":"https:\/\/ikebana.brussels\/ja\/wp-json\/wp\/v2\/posts\/719\/revisions"}],"predecessor-version":[{"id":1026,"href":"https:\/\/ikebana.brussels\/ja\/wp-json\/wp\/v2\/posts\/719\/revisions\/1026"}],"wp:featuredmedia":[{"embeddable":true,"href":"https:\/\/ikebana.brussels\/ja\/wp-json\/wp\/v2\/media\/899"}],"wp:attachment":[{"href":"https:\/\/ikebana.brussels\/ja\/wp-json\/wp\/v2\/media?parent=719"}],"wp:term":[{"taxonomy":"category","embeddable":true,"href":"https:\/\/ikebana.brussels\/ja\/wp-json\/wp\/v2\/categories?post=719"},{"taxonomy":"post_tag","embeddable":true,"href":"https:\/\/ikebana.brussels\/ja\/wp-json\/wp\/v2\/tags?post=719"}],"curies":[{"name":"wp","href":"https:\/\/api.w.org\/{rel}","templated":true}]}}